{"id":3495,"date":"2024-10-22T14:35:54","date_gmt":"2024-10-22T06:35:54","guid":{"rendered":"https:\/\/shuliyrm.com\/?p=3495"},"modified":"2024-10-22T15:31:43","modified_gmt":"2024-10-22T07:31:43","slug":"what-is-post-consumer-recyclable-plastics","status":"publish","type":"post","link":"https:\/\/shuliyrm.com\/tr\/what-is-post-consumer-recyclable-plastics\/","title":{"rendered":"T\u00fcketici Sonras\u0131 Geri D\u00f6n\u00fc\u015ft\u00fcr\u00fclebilir Plastik Nedir?"},"content":{"rendered":"<p>Bug\u00fcn\u00fcn artan \u00e7evresel fark\u0131ndal\u0131\u011f\u0131 ba\u011flam\u0131nda, T\u00fcketim Sonras\u0131 Geri D\u00f6n\u00fc\u015ft\u00fcr\u00fclebilir plastikler (PCR) dikkat \u00e7ekiyor. PCR plastikleri, t\u00fcketiciler taraf\u0131ndan kullan\u0131m sonras\u0131 \u00fcretilen plastik at\u0131klard\u0131r ve bu malzemeler toplama, i\u015fleme ve yeniden i\u015fleme sonras\u0131 yeni plastik \u00fcr\u00fcnler \u00fcretmek i\u00e7in yeniden kullan\u0131labilir.<\/p>    <figure class=\"wp-block-gallery has-nested-images columns-default is-cropped wp-block-gallery-2 is-layout-flex wp-block-gallery-is-layout-flex\"> <figure class=\"wp-block-image size-large\"><img loading=\"lazy\" decoding=\"async\" width=\"720\" height=\"540\" data-id=\"3501\" src=\"https:\/\/shuliyrm.com\/wp-content\/uploads\/2024\/10\/plastic-waste.webp\" alt=\"plastik at\u0131k\" class=\"wp-image-3501\" srcset=\"https:\/\/shuliyrm.com\/wp-content\/uploads\/2024\/10\/plastic-waste.webp 720w, https:\/\/shuliyrm.com\/wp-content\/uploads\/2024\/10\/plastic-waste-480x360.webp 480w, https:\/\/shuliyrm.com\/wp-content\/uploads\/2024\/10\/plastic-waste-150x113.webp 150w, https:\/\/shuliyrm.com\/wp-content\/uploads\/2024\/10\/plastic-waste-16x12.webp 16w\" sizes=\"auto, (max-width: 720px) 100vw, 720px\" \/><figcaption class=\"wp-element-caption\">plastik at\u0131k<\/figcaption><\/figure>    <figure class=\"wp-block-image size-large\"><img loading=\"lazy\" decoding=\"async\" width=\"720\" height=\"540\" data-id=\"3502\" src=\"https:\/\/shuliyrm.com\/wp-content\/uploads\/2024\/10\/waste-plastic-films.webp\" alt=\"at\u0131k plastik filmler\" class=\"wp-image-3502\" srcset=\"https:\/\/shuliyrm.com\/wp-content\/uploads\/2024\/10\/waste-plastic-films.webp 720w, https:\/\/shuliyrm.com\/wp-content\/uploads\/2024\/10\/waste-plastic-films-480x360.webp 480w, https:\/\/shuliyrm.com\/wp-content\/uploads\/2024\/10\/waste-plastic-films-150x113.webp 150w, https:\/\/shuliyrm.com\/wp-content\/uploads\/2024\/10\/waste-plastic-films-16x12.webp 16w\" sizes=\"auto, (max-width: 720px) 100vw, 720px\" \/><figcaption class=\"wp-element-caption\">at\u0131k plastik filmler<\/figcaption><\/figure> <\/figure>    <p class=\"has-text-align-center\">T\u00fcketici Sonras\u0131 Plastik At\u0131k<\/p>    <h2 class=\"wp-block-heading\">T\u00fcketici Sonras\u0131 Geri D\u00f6n\u00fc\u015ft\u00fcr\u00fclebilir Plastiklerin \u00d6zellikleri<\/h2>    <p>1, \u00c7evre dostu: PCR plastiklerinin geri d\u00f6n\u00fc\u015ft\u00fcr\u00fclmesi, yeni plastiklerin \u00fcretimini azaltabilir, b\u00f6ylece kaynak t\u00fcketimini ve \u00e7evre kirlili\u011fini azaltabilir. Geri d\u00f6n\u00fc\u015f\u00fcm yaparak plastik at\u0131klar\u0131n ekolojik etkisini azaltabiliriz.<\/p>    <p>2, Geri D\u00f6n\u00fc\u015f\u00fcm: PCR plastikleri, \u00e7e\u015fitli \u00fcr\u00fcnlerin \u00fcretim ihtiya\u00e7lar\u0131n\u0131 kar\u015f\u0131lamak i\u00e7in \u00f6zel geri d\u00f6n\u00fc\u015f\u00fcm s\u00fcre\u00e7lerinden sonra y\u00fcksek kaliteli geri d\u00f6n\u00fc\u015ft\u00fcr\u00fclm\u00fc\u015f malzemelere d\u00f6n\u00fc\u015ft\u00fcr\u00fclebilir. Bu geri d\u00f6n\u00fc\u015ft\u00fcr\u00fclm\u00fc\u015f malzemeler, d\u00f6ng\u00fcsel ekonominin geli\u015fimini te\u015fvik edecek \u015fekilde ambalaj, g\u00fcnl\u00fck ihtiya\u00e7lar vb. \u00fcretiminde kullan\u0131labilir.<\/p>    <p>3, Pazar Talebi: S\u00fcrd\u00fcr\u00fclebilir \u00fcr\u00fcnlere y\u00f6nelik t\u00fcketici tercihi artt\u0131k\u00e7a PCR plastiklerine y\u00f6nelik pazar talebi de art\u0131yor. Giderek daha fazla marka ve \u015firket, \u00fcr\u00fcnlerinin \u00e7evre dostu imaj\u0131n\u0131 geli\u015ftirmek i\u00e7in PCR plastiklerini benimsiyor.<\/p>    <h2 class=\"wp-block-heading\">PCR Plastik Geri D\u00f6n\u00fc\u015f\u00fcm\u00fc Nas\u0131l Sa\u011flan\u0131r?<\/h2>    <p>T\u00fcketici sonras\u0131 geri d\u00f6n\u00fc\u015ft\u00fcr\u00fclebilir plastiklerin geri d\u00f6n\u00fc\u015f\u00fcm\u00fcn\u00fc etkin bir \u015fekilde sa\u011flamak i\u00e7in \u00f6ncelikle at\u0131k plastiklerin toplanmas\u0131, s\u0131n\u0131fland\u0131r\u0131lmas\u0131 ve ta\u015f\u0131nmas\u0131n\u0131 i\u00e7eren m\u00fckemmel bir geri d\u00f6n\u00fc\u015f\u00fcm sisteminin kurulmas\u0131 gerekmektedir. <\/p>    <p class=\"translation-block\">\u0130kincisi, i\u015fletmeler at\u0131k plastikleri geri d\u00f6n\u00fc\u015ft\u00fcr\u00fclm\u00fc\u015f peletlere d\u00f6n\u00fc\u015ft\u00fcrmek i\u00e7in plastik gran\u00fclasyon hatlar\u0131 gibi geli\u015fmi\u015f geri d\u00f6n\u00fc\u015f\u00fcm teknolojilerini ve ekipmanlar\u0131n\u0131 tan\u0131tmal\u0131d\u0131r. Bu \u00f6nlemlerle i\u015fletmeler yaln\u0131zca kaynaklar\u0131n kullan\u0131m\u0131n\u0131 art\u0131rmakla kalmaz, s\u00fcrd\u00fcr\u00fclebilir geli\u015fimini de te\u015fvik ederler.<\/p>    <figure class=\"wp-block-gallery has-nested-images columns-default is-cropped wp-block-gallery-3 is-layout-flex wp-block-gallery-is-layout-flex\"> <figure class=\"wp-block-image size-large\"><img loading=\"lazy\" decoding=\"async\" width=\"720\" height=\"540\" data-id=\"3507\" src=\"https:\/\/shuliyrm.com\/wp-content\/uploads\/2024\/10\/waste-film-recycling-line.webp\" alt=\"at\u0131k film geri d\u00f6n\u00fc\u015f\u00fcm hatt\u0131\" class=\"wp-image-3507\" srcset=\"https:\/\/shuliyrm.com\/wp-content\/uploads\/2024\/10\/waste-film-recycling-line.webp 720w, https:\/\/shuliyrm.com\/wp-content\/uploads\/2024\/10\/waste-film-recycling-line-480x360.webp 480w, https:\/\/shuliyrm.com\/wp-content\/uploads\/2024\/10\/waste-film-recycling-line-150x113.webp 150w, https:\/\/shuliyrm.com\/wp-content\/uploads\/2024\/10\/waste-film-recycling-line-16x12.webp 16w\" sizes=\"auto, (max-width: 720px) 100vw, 720px\" \/><figcaption class=\"wp-element-caption\">at\u0131k film geri d\u00f6n\u00fc\u015f\u00fcm hatt\u0131<\/figcaption><\/figure>    <figure class=\"wp-block-image size-large\"><img loading=\"lazy\" decoding=\"async\" width=\"720\" height=\"540\" data-id=\"3271\" src=\"https:\/\/shuliyrm.com\/wp-content\/uploads\/2024\/09\/recycled-plastic-granules.webp\" alt=\"geri d\u00f6n\u00fc\u015ft\u00fcr\u00fclm\u00fc\u015f plastik gran\u00fcller\" class=\"wp-image-3271\" srcset=\"https:\/\/shuliyrm.com\/wp-content\/uploads\/2024\/09\/recycled-plastic-granules.webp 720w, https:\/\/shuliyrm.com\/wp-content\/uploads\/2024\/09\/recycled-plastic-granules-480x360.webp 480w, https:\/\/shuliyrm.com\/wp-content\/uploads\/2024\/09\/recycled-plastic-granules-150x113.webp 150w, https:\/\/shuliyrm.com\/wp-content\/uploads\/2024\/09\/recycled-plastic-granules-16x12.webp 16w\" sizes=\"auto, (max-width: 720px) 100vw, 720px\" \/><figcaption class=\"wp-element-caption\">geri d\u00f6n\u00fc\u015ft\u00fcr\u00fclm\u00fc\u015f plastik gran\u00fcller<\/figcaption><\/figure> <\/figure>    <p><\/p>    <h2 class=\"wp-block-heading\">Geri D\u00f6n\u00fc\u015ft\u00fcr\u00fclm\u00fc\u015f Plastik Pelet Nas\u0131l Yap\u0131l\u0131r?<\/h2>    <p>Geri d\u00f6n\u00fc\u015ft\u00fcr\u00fclm\u00fc\u015f plastik gran\u00fcl yapma i\u015flemi a\u015fa\u011f\u0131daki ad\u0131mlardan olu\u015fur:<\/p>    <ul class=\"wp-block-list\"> <li><strong>Ezici<\/strong>: \u0130lk olarak, t\u00fcketici sonras\u0131 geri d\u00f6n\u00fc\u015ft\u00fcr\u00fclebilir plastikler daha sonraki i\u015flemler i\u00e7in boyutlar\u0131n\u0131n k\u00fc\u00e7\u00fclt\u00fclmesi amac\u0131yla ezilir.<\/li>    <li><strong>Y\u0131kama<\/strong>: Geri d\u00f6n\u00fc\u015ft\u00fcr\u00fclm\u00fc\u015f peletlerin safl\u0131\u011f\u0131n\u0131 sa\u011flamak i\u00e7in, ezilmi\u015f plasti\u011fin yap\u0131\u015fan kir, etiket ve di\u011fer yabanc\u0131 maddeleri temizlemek \u00fczere temizlenmesi gerekir.<\/li>    <li><strong>Kurutma<\/strong>: Temizlenen plastik belirli bir miktarda nem i\u00e7erir ve nem i\u00e7eri\u011fini azaltmak ve sonraki gran\u00fclasyon i\u015fleminin d\u00fczg\u00fcnl\u00fc\u011f\u00fcn\u00fc sa\u011flamak i\u00e7in kurutulmas\u0131 gerekir.<\/li>    <li><strong>Peletleme<\/strong>: Son olarak, kurutulmu\u015f plastik peletleme makinesine beslenir, burada eritilir ve uzun s\u00fcrekli plastik \u015feritler olu\u015fturmak \u00fczere y\u00fcksek s\u0131cakl\u0131klarda ekstr\u00fczyona tabi tutulur.<\/li>    <li><strong>So\u011futma ve kesme<\/strong>: Ezilmi\u015f uzun \u015feritler so\u011futulur ve d\u00fczg\u00fcn plastik topaklar halinde kesilir.<\/li> <\/ul>    <figure class=\"wp-block-embed is-type-video is-provider-youtube wp-block-embed-youtube wp-embed-aspect-16-9 wp-has-aspect-ratio\"><div class=\"wp-block-embed__wrapper\"> <iframe loading=\"lazy\" title=\"Umman&#039;da Plastik Geri D\u00f6n\u00fc\u015f\u00fcm Makinas\u0131 Ba\u015far\u0131yla Kuruldu\" width=\"720\" height=\"405\" src=\"https:\/\/www.youtube.com\/embed\/_5onflqTN0c?feature=oembed\" frameborder=\"0\" allow=\"accelerometer; autoplay; clipboard-write; encrypted-media; gyroscope; picture-in-picture; web-share\" referrerpolicy=\"strict-origin-when-cross-origin\" allowfullscreen><\/iframe> <\/div><figcaption class=\"wp-element-caption\">At\u0131k Plastik Gran\u00fclasyon Videosu<\/figcaption><\/figure>","protected":false},"excerpt":{"rendered":"<p>Bug\u00fcn\u00fcn artan \u00e7evresel fark\u0131ndal\u0131\u011f\u0131 ba\u011flam\u0131nda, T\u00fcketim Sonras\u0131 Geri D\u00f6n\u00fc\u015ft\u00fcr\u00fclebilir plastikler (PCR) dikkat \u00e7ekiyor. PCR plastikleri...<\/p>","protected":false},"author":1,"featured_media":3496,"comment_status":"open","ping_status":"closed","sticky":false,"template":"","format":"standard","meta":{"_kad_blocks_custom_css":"","_kad_blocks_head_custom_js":"","_kad_blocks_body_custom_js":"","_kad_blocks_footer_custom_js":"","_kadence_starter_templates_imported_post":false,"_kad_post_transparent":"","_kad_post_title":"","_kad_post_layout":"","_kad_post_sidebar_id":"","_kad_post_content_style":"","_kad_post_vertical_padding":"","_kad_post_feature":"","_kad_post_feature_position":"","_kad_post_header":false,"_kad_post_footer":false,"_kad_post_classname":"","footnotes":""},"categories":[4,6],"tags":[],"class_list":["post-3495","post","type-post","status-publish","format-standard","has-post-thumbnail","hentry","category-blog","category-news"],"taxonomy_info":{"category":[{"value":4,"label":"Blog"},{"value":6,"label":"News"}]},"featured_image_src_large":["https:\/\/shuliyrm.com\/wp-content\/uploads\/2024\/10\/Post-Consumer-Recyclable-Plastics.webp",720,540,false],"author_info":{"display_name":"Elena Yu","author_link":"https:\/\/shuliyrm.com\/tr\/author\/adminelena\/"},"comment_info":0,"category_info":[{"term_id":4,"name":"Blog","slug":"blog","term_group":0,"term_taxonomy_id":4,"taxonomy":"category","description":"","parent":0,"count":70,"filter":"raw","cat_ID":4,"category_count":70,"category_description":"","cat_name":"Blog","category_nicename":"blog","category_parent":0},{"term_id":6,"name":"News","slug":"news","term_group":0,"term_taxonomy_id":6,"taxonomy":"category","description":"","parent":4,"count":25,"filter":"raw","cat_ID":6,"category_count":25,"category_description":"","cat_name":"News","category_nicename":"news","category_parent":4}],"tag_info":false,"_links":{"self":[{"href":"https:\/\/shuliyrm.com\/tr\/wp-json\/wp\/v2\/posts\/3495","targetHints":{"allow":["GET"]}}],"collection":[{"href":"https:\/\/shuliyrm.com\/tr\/wp-json\/wp\/v2\/posts"}],"about":[{"href":"https:\/\/shuliyrm.com\/tr\/wp-json\/wp\/v2\/types\/post"}],"author":[{"embeddable":true,"href":"https:\/\/shuliyrm.com\/tr\/wp-json\/wp\/v2\/users\/1"}],"replies":[{"embeddable":true,"href":"https:\/\/shuliyrm.com\/tr\/wp-json\/wp\/v2\/comments?post=3495"}],"version-history":[{"count":0,"href":"https:\/\/shuliyrm.com\/tr\/wp-json\/wp\/v2\/posts\/3495\/revisions"}],"wp:featuredmedia":[{"embeddable":true,"href":"https:\/\/shuliyrm.com\/tr\/wp-json\/wp\/v2\/media\/3496"}],"wp:attachment":[{"href":"https:\/\/shuliyrm.com\/tr\/wp-json\/wp\/v2\/media?parent=3495"}],"wp:term":[{"taxonomy":"category","embeddable":true,"href":"https:\/\/shuliyrm.com\/tr\/wp-json\/wp\/v2\/categories?post=3495"},{"taxonomy":"post_tag","embeddable":true,"href":"https:\/\/shuliyrm.com\/tr\/wp-json\/wp\/v2\/tags?post=3495"}],"curies":[{"name":"wp","href":"https:\/\/api.w.org\/{rel}","templated":true}]}}